{"id":801,"date":"2024-02-12T09:08:00","date_gmt":"2024-02-12T09:08:00","guid":{"rendered":"https:\/\/gender-ict.net\/horigestem\/?p=801"},"modified":"2024-06-18T10:44:04","modified_gmt":"2024-06-18T10:44:04","slug":"milagros-sainz-participa-en-una-mesa-redonda-con-representantes-publicos-y-academicos-sobre-diversidad-e-inclusion-en-stem","status":"publish","type":"post","link":"https:\/\/gender-ict.net\/horigestem\/2024\/02\/12\/milagros-sainz-participa-en-una-mesa-redonda-con-representantes-publicos-y-academicos-sobre-diversidad-e-inclusion-en-stem\/","title":{"rendered":"Milagros S\u00e1inz participa en una mesa redonda con representantes p\u00fablicos y acad\u00e9micos sobre diversidad e inclusi\u00f3n en STEM"},"content":{"rendered":"\n<p>La investigadora principal de <strong>HORIGESTEM<\/strong>, <a href=\"https:\/\/gender-ict.net\/people\/milagros-sainz\/\" target=\"_blank\" rel=\"noreferrer noopener\">Milagros S\u00e1inz<\/a>, participar\u00e1 como experta invitada en una mesa redonda coorganizada por el <a href=\"https:\/\/ibecbarcelona.eu\/es\/\" target=\"_blank\" rel=\"noreferrer noopener\">Instituto de Bioingenier\u00eda de Catalunya (IBEC)<\/a> y el <a href=\"https:\/\/es.usembassy.gov\/es\/barcelona-es\/\" target=\"_blank\" rel=\"noreferrer noopener\">Consulado de Estados Unidos en Barcelona<\/a> para abordar c\u00f3mo promover la diversidad e inclusi\u00f3n en \u00e1mbitos STEM. En el encuentro, <a href=\"https:\/\/gender-ict.net\/people\/milagros-sainz\/\" target=\"_blank\" rel=\"noreferrer noopener\">Milagros S\u00e1inz<\/a> reflexionar\u00e1 sobre los retos actuales y analizar\u00e1 intervenciones para fomentar la equidad en el acceso y retenci\u00f3n en los estudios y profesiones relacionados con las disciplinas cient\u00edfico-tecnol\u00f3gicas desde una perspectiva de g\u00e9nero interseccional. En el coloquio, participar\u00e1n representantes de administraciones p\u00fablicas, universidades y centros de investigaci\u00f3n, y fundaciones de Catalu\u00f1a.<\/p>\n\n\n\n<p>Al acabar la mesa redonda, el 13 de febrero a las 17:00 h tendr\u00e1 lugar la jornada \u201c<strong>Increasing Diversity in STEM<\/strong>\u201d con un panel de personas expertas de Estados Unidos que analizar\u00e1n las barreras existentes para la inclusi\u00f3n en las disciplinas STEM y presentar\u00e1n iniciativas orientadas a promover la diversidad en los estudios cient\u00edfico-tecnol\u00f3gicos y en la carrera acad\u00e9mica. El panel tambi\u00e9n ofrecer\u00e1 ideas sobre c\u00f3mo fomentar la perspectiva de g\u00e9nero interseccional para atraer y retener a las mujeres y otros colectivos infrarrepresentados en ciencia y tecnolog\u00eda.<\/p>\n\n\n\n<p><strong>Ponentes:<\/strong><\/p>\n\n\n\n<p><strong><em>Diversidad en proyectos educativos<\/em><\/strong><\/p>\n\n\n\n<p>Margaret A. Eisenhart (University of Colorado Boulder) y Lois Weis (University at Buffalo) <strong>\u00b7<\/strong> <em>STEM Education Reform in Urban High Schools (Diversity in schools)<\/em><\/p>\n\n\n\n<p>Paul Morgan (University of Albany) <strong>\u00b7<\/strong> <em>Achievement gaps begin early, persist, and are largely explained by modifiable factors<\/em><\/p>\n\n\n\n<p>Joanne Goodell (Cleveland State University) <strong>\u00b7<\/strong> <em>Preparing STEM teachers (the Uteah replication model)<\/em><\/p>\n\n\n\n<p><strong><em>Interseccionalidad y resiliencia en la academia<\/em><\/strong><\/p>\n\n\n\n<p>Nancy Lopez (University of New Mexico) <strong>\u00b7 <\/strong><em>Intersectionality<\/em><\/p>\n\n\n\n<p>Ann Marie Nunez (University of Texas) <strong>\u00b7 <\/strong><em>Servingness<\/em><\/p>\n\n\n\n<p>Elsa Gonzalez (Texas A&amp;M University) <strong>\u00b7 <\/strong><em>Resilience Model (Latinas in STEM)<\/em><\/p>\n\n\n\n<p>La jornada est\u00e1 abierta al p\u00fablico y <a href=\"https:\/\/us06web.zoom.us\/j\/87245208248?pwd=WuDXvc5FZdHZf2amGIznjvcsAcjhHz.1#success\" target=\"_blank\" rel=\"noreferrer noopener\">se puede seguir en l\u00ednea aqu\u00ed<\/a>. Tanto la mesa redonda con representantes de Catalu\u00f1a como la jornada con personas expertas de universidades de Estados Unidos forman parte de un proyecto de colaboraci\u00f3n entre el <a href=\"https:\/\/ibecbarcelona.eu\/es\/\" target=\"_blank\" rel=\"noreferrer noopener\">Instituto de Bioingenier\u00eda de Catalunya (IBEC)<\/a> y la <a href=\"https:\/\/es.usembassy.gov\/es\/\" target=\"_blank\" rel=\"noreferrer noopener\">Embajada de Estados Unidos en Espa\u00f1a<\/a> para promover la reflexi\u00f3n y el intercambio de buenas pr\u00e1cticas para fomentar la diversidad y la inclusi\u00f3n en el sistema de investigaci\u00f3n, desde la igualdad de oportunidades en el acceso a la educaci\u00f3n cient\u00edfica en las primeras etapas educativas hasta la atracci\u00f3n y retenci\u00f3n de talento en las universidades y centros de investigaci\u00f3n.<\/p>\n\n\n\n<p>Foto de <a href=\"https:\/\/unsplash.com\/es\/@timothycdykes?utm_content=creditCopyText&amp;utm_medium=referral&amp;utm_source=unsplash\" target=\"_blank\" rel=\"noreferrer noopener\">Timothy Dykes<\/a> en <a href=\"https:\/\/unsplash.com\/es\/fotos\/pintura-abstracta-naranja-azul-y-blanca-k_zGanqO0js?utm_content=creditCopyText&amp;utm_medium=referral&amp;utm_source=unsplash\" target=\"_blank\" rel=\"noreferrer noopener\">Unsplash<\/a>.<\/p>\n\n\n\n<p><\/p>\n","protected":false},"excerpt":{"rendered":"<p>La investigadora principal de HORIGESTEM, Milagros S\u00e1inz, participar\u00e1 como experta invitada en una mesa redonda coorganizada por el Instituto de Bioingenier\u00eda de Catalunya (IBEC) y el Consulado de Estados Unidos en Barcelona para abordar c\u00f3mo promover la diversidad e inclusi\u00f3n en \u00e1mbitos STEM. En el encuentro, Milagros S\u00e1inz reflexionar\u00e1 sobre los retos actuales y analizar\u00e1&#8230;<\/p>\n","protected":false},"author":91,"featured_media":802,"comment_status":"closed","ping_status":"closed","sticky":false,"template":"","format":"standard","meta":{"_monsterinsights_skip_tracking":false,"_monsterinsights_sitenote_active":false,"_monsterinsights_sitenote_note":"","_monsterinsights_sitenote_category":0,"_kad_post_transparent":"","_kad_post_title":"","_kad_post_layout":"","_kad_post_sidebar_id":"","_kad_post_content_style":"","_kad_post_vertical_padding":"","_kad_post_feature":"","_kad_post_feature_position":"","_kad_post_header":false,"_kad_post_footer":false,"_kad_post_classname":"","footnotes":""},"categories":[4],"tags":[26,30,39,38,9],"class_list":["post-801","post","type-post","status-publish","format-standard","has-post-thumbnail","hentry","category-noticias","tag-diversidad","tag-genero-y-stem","tag-inclusion","tag-interseccionalidad","tag-intervenciones-stem"],"_links":{"self":[{"href":"https:\/\/gender-ict.net\/horigestem\/wp-json\/wp\/v2\/posts\/801","targetHints":{"allow":["GET"]}}],"collection":[{"href":"https:\/\/gender-ict.net\/horigestem\/wp-json\/wp\/v2\/posts"}],"about":[{"href":"https:\/\/gender-ict.net\/horigestem\/wp-json\/wp\/v2\/types\/post"}],"author":[{"embeddable":true,"href":"https:\/\/gender-ict.net\/horigestem\/wp-json\/wp\/v2\/users\/91"}],"replies":[{"embeddable":true,"href":"https:\/\/gender-ict.net\/horigestem\/wp-json\/wp\/v2\/comments?post=801"}],"version-history":[{"count":2,"href":"https:\/\/gender-ict.net\/horigestem\/wp-json\/wp\/v2\/posts\/801\/revisions"}],"predecessor-version":[{"id":804,"href":"https:\/\/gender-ict.net\/horigestem\/wp-json\/wp\/v2\/posts\/801\/revisions\/804"}],"wp:featuredmedia":[{"embeddable":true,"href":"https:\/\/gender-ict.net\/horigestem\/wp-json\/wp\/v2\/media\/802"}],"wp:attachment":[{"href":"https:\/\/gender-ict.net\/horigestem\/wp-json\/wp\/v2\/media?parent=801"}],"wp:term":[{"taxonomy":"category","embeddable":true,"href":"https:\/\/gender-ict.net\/horigestem\/wp-json\/wp\/v2\/categories?post=801"},{"taxonomy":"post_tag","embeddable":true,"href":"https:\/\/gender-ict.net\/horigestem\/wp-json\/wp\/v2\/tags?post=801"}],"curies":[{"name":"wp","href":"https:\/\/api.w.org\/{rel}","templated":true}]}}