{"id":1056,"date":"2025-10-06T09:00:42","date_gmt":"2025-10-06T09:00:42","guid":{"rendered":"https:\/\/gender-ict.net\/horigestem\/?p=1056"},"modified":"2025-10-10T09:09:18","modified_gmt":"2025-10-10T09:09:18","slug":"entrega-de-las-becas-de-grado-jesus-serra","status":"publish","type":"post","link":"https:\/\/gender-ict.net\/horigestem\/2025\/10\/06\/entrega-de-las-becas-de-grado-jesus-serra\/","title":{"rendered":"Entrega de las Becas de Grado Jes\u00fas Serra"},"content":{"rendered":"\n<div style=\"height:14px\" aria-hidden=\"true\" class=\"wp-block-spacer\"><\/div>\n\n\n\n<p>El 3 de octubre tuvo lugar en Madrid el acto de entrega de las <strong>Becas de Grado Jes\u00fas Serra<\/strong> a <a href=\"http:\/\/fundacionoccident.org\/newsletter\/becas-grado-jesus-serra-2025\" target=\"_blank\" rel=\"noreferrer noopener\">doce j\u00f3venes<\/a> que son la primera generaci\u00f3n de estudiantes universitarios o de mujeres de su familia en cursar grados en STEM. <strong>Fundaci\u00f3n Occident<\/strong> convoc\u00f3 en abril de este a\u00f1o la <a href=\"https:\/\/www.fundacionoccident.org\/becas-jesus-serra\" target=\"_blank\" rel=\"noreferrer noopener\">segunda edici\u00f3n<\/a> de este programa de ayudas con el objetivo de contribuir a superar los principales obst\u00e1culos que enfrentan las y los estudiantes para acceder a la formaci\u00f3n universitaria y a empleos acordes con su nivel de titulaci\u00f3n y su especialidad.<\/p>\n\n\n\n<div style=\"height:14px\" aria-hidden=\"true\" class=\"wp-block-spacer\"><\/div>\n\n\n\n<p>El programa concede becas de estudios y ofrece un programa formativo y de mentorazgo personalizado a estudiantes de bachillerato o de ciclos formativos de grado superior para facilitar el acceso a la universidad en dos modalidades:<\/p>\n\n\n\n<div style=\"height:14px\" aria-hidden=\"true\" class=\"wp-block-spacer\"><\/div>\n\n\n\n<ul class=\"wp-block-list\">\n<li><strong>Primera generaci\u00f3n de estudiantes universitarios<\/strong>: para alumnos y alumnas que sean las primeras personas de su familia en ir a la universidad.<\/li>\n\n\n\n<li><strong>Primera generaci\u00f3n de mujeres en STEM<\/strong>: para alumnas que sean primeras mujeres de su familia en cursar estudios de grado en STEM (ciencia, tecnolog\u00eda, ingenier\u00eda y matem\u00e1ticas).&nbsp;<\/li>\n<\/ul>\n\n\n\n<div style=\"height:14px\" aria-hidden=\"true\" class=\"wp-block-spacer\"><\/div>\n\n\n\n<p>La directora de GenTIC, <a href=\"https:\/\/gender-ict.net\/people\/milagros-sainz\/\" target=\"_blank\" rel=\"noreferrer noopener\">Milagros S\u00e1inz<\/a>, ha formado parte del <a href=\"https:\/\/www.fundacionoccident.org\/becas-jesus-serra\/wp-content\/uploads\/2025\/06\/foc-becas-guia-jesus-serra-evaluacion-2025.pdf\" target=\"_blank\" rel=\"noreferrer noopener\">comit\u00e9 de evaluaci\u00f3n<\/a> de esta convocatoria junto a otras personas expertas del \u00e1mbito de la educaci\u00f3n, como <strong>Alberto Bustos<\/strong>, profesor de Did\u00e1ctica de la Lengua de la Universidad de Extremadura (UEx), <strong>Jos\u00e9 Antonio Crespo<\/strong>, director del Instituto de Educaci\u00f3n Secundaria Claudio S\u00e1nchez Albornoz de Le\u00f3n, <strong>Mar\u00eda Huertas de la G\u00e1ndara<\/strong>, directora de proyectos de Fundaci\u00f3n Exit, <strong>Laia P\u00e9rez<\/strong>, responsable de estudios postobligatorios del Consorcio de Educaci\u00f3n de Barcelona, y <strong>Beatriz Sig\u00fcenza<\/strong>, directora de Fundaci\u00f3n Balia.<\/p>\n\n\n\n<div style=\"height:14px\" aria-hidden=\"true\" class=\"wp-block-spacer\"><\/div>\n\n\n\n<p><a href=\"https:\/\/www.fundacionoccident.org\/becas-jesus-serra\/becados-jesus-serra\" target=\"_blank\" rel=\"noreferrer noopener\"><strong>Conoce a las personas becadas y consulta las v\u00edas de acceso al programa aqu\u00ed<\/strong><\/a>.<\/p>\n\n\n\n<div style=\"height:40px\" aria-hidden=\"true\" class=\"wp-block-spacer\"><\/div>\n","protected":false},"excerpt":{"rendered":"<p>El 3 de octubre tuvo lugar en Madrid el acto de entrega de las Becas de Grado Jes\u00fas Serra a doce j\u00f3venes que son la primera generaci\u00f3n de estudiantes universitarios o de mujeres de su familia en cursar grados en STEM. Fundaci\u00f3n Occident convoc\u00f3 en abril de este a\u00f1o la segunda edici\u00f3n de este programa&#8230;<\/p>\n","protected":false},"author":91,"featured_media":1057,"comment_status":"closed","ping_status":"","sticky":false,"template":"","format":"standard","meta":{"_monsterinsights_skip_tracking":false,"_monsterinsights_sitenote_active":false,"_monsterinsights_sitenote_note":"","_monsterinsights_sitenote_category":0,"_kad_post_transparent":"","_kad_post_title":"","_kad_post_layout":"","_kad_post_sidebar_id":"","_kad_post_content_style":"","_kad_post_vertical_padding":"","_kad_post_feature":"","_kad_post_feature_position":"","_kad_post_header":false,"_kad_post_footer":false,"_kad_post_classname":"","footnotes":""},"categories":[4],"tags":[97,18,19,5],"class_list":["post-1056","post","type-post","status-publish","format-standard","has-post-thumbnail","hentry","category-noticias","tag-becas","tag-eleccion-de-estudios","tag-mentorazgo","tag-mujeres-en-stem"],"_links":{"self":[{"href":"https:\/\/gender-ict.net\/horigestem\/wp-json\/wp\/v2\/posts\/1056","targetHints":{"allow":["GET"]}}],"collection":[{"href":"https:\/\/gender-ict.net\/horigestem\/wp-json\/wp\/v2\/posts"}],"about":[{"href":"https:\/\/gender-ict.net\/horigestem\/wp-json\/wp\/v2\/types\/post"}],"author":[{"embeddable":true,"href":"https:\/\/gender-ict.net\/horigestem\/wp-json\/wp\/v2\/users\/91"}],"replies":[{"embeddable":true,"href":"https:\/\/gender-ict.net\/horigestem\/wp-json\/wp\/v2\/comments?post=1056"}],"version-history":[{"count":3,"href":"https:\/\/gender-ict.net\/horigestem\/wp-json\/wp\/v2\/posts\/1056\/revisions"}],"predecessor-version":[{"id":1060,"href":"https:\/\/gender-ict.net\/horigestem\/wp-json\/wp\/v2\/posts\/1056\/revisions\/1060"}],"wp:featuredmedia":[{"embeddable":true,"href":"https:\/\/gender-ict.net\/horigestem\/wp-json\/wp\/v2\/media\/1057"}],"wp:attachment":[{"href":"https:\/\/gender-ict.net\/horigestem\/wp-json\/wp\/v2\/media?parent=1056"}],"wp:term":[{"taxonomy":"category","embeddable":true,"href":"https:\/\/gender-ict.net\/horigestem\/wp-json\/wp\/v2\/categories?post=1056"},{"taxonomy":"post_tag","embeddable":true,"href":"https:\/\/gender-ict.net\/horigestem\/wp-json\/wp\/v2\/tags?post=1056"}],"curies":[{"name":"wp","href":"https:\/\/api.w.org\/{rel}","templated":true}]}}