{"id":2794,"date":"2020-02-05T19:05:15","date_gmt":"2020-02-05T17:05:15","guid":{"rendered":"https:\/\/gender-ict.net\/gestemi\/?p=2794"},"modified":"2020-05-18T13:10:36","modified_gmt":"2020-05-18T11:10:36","slug":"debate-sobre-la-inclusion-de-las-mujeres-en-el-sector-tecnologico-con-mckinsey-company","status":"publish","type":"post","link":"https:\/\/gender-ict.net\/gestemi\/2020\/02\/debate-sobre-la-inclusion-de-las-mujeres-en-el-sector-tecnologico-con-mckinsey-company\/","title":{"rendered":"Debate sobre la inclusi\u00f3n de las mujeres en el sector tecnol\u00f3gico en McKinsey &#038; Company"},"content":{"rendered":"<p>El 30 de enero tuvo lugar en Madrid un evento organizado por <a href=\"http:\/\/wimlds.org\/blog\/\">Women in Machine Learning &amp; Data Science (WiMLDS)<\/a> y <a href=\"https:\/\/www.mckinsey.com\/es\/en\">MacKinsey &amp; Company<\/a>, orientado a promover un debate alrededor del impacto social de la inteligencia artificial y la ciencia de datos, y reflexionar sobre c\u00f3mo atraer y retener el talento femenino en el \u00e1mbito tecnol\u00f3gico.<\/p>\n<p><a href=\"https:\/\/gender-ict.net\/people\/milagros-sainz\/\" target=\"_blank\" rel=\"noopener noreferrer\">Milagros S\u00e1inz<\/a>, directora de <a href=\"https:\/\/gender-ict.net\/\" target=\"_blank\" rel=\"noopener noreferrer\">GenTIC<\/a> e investigadora principal de GESTEMI, particip\u00f3 como experta invitada en la mesa redonda: \u201cWomen inclusion in tech roles. Call for action: we design the future!\u201d, junto a <a href=\"https:\/\/www.linkedin.com\/in\/lailaelqadi\/?locale=en_US\" target=\"_blank\" rel=\"noopener noreferrer\">Laila El Qadi<\/a> (jefa de comunicaciones y traducci\u00f3n de datos en el <a href=\"https:\/\/aia.es\/\" target=\"_blank\" rel=\"noopener noreferrer\">Grupo AIA<\/a>) y <a href=\"https:\/\/www.linkedin.com\/in\/maria-eugenia-delgado-franco-37972013a\/?originalSubdomain=es\" target=\"_blank\" rel=\"noopener noreferrer\">Mar\u00eda Eugenia Delgado<\/a> (analista de datos en <a href=\"https:\/\/www.mckinsey.com\/es\/en\" target=\"_blank\" rel=\"noopener noreferrer\">McKinsey &amp; Company<\/a>).<\/p>\n<p>El evento incluy\u00f3 tambi\u00e9n presentaciones sobre los retos \u00e9ticos de la inteligencia artificial en dos sesiones t\u00e9cnicas a cargo de <a href=\"https:\/\/www.linkedin.com\/in\/martaprietopardo\/?originalSubdomain=es\" target=\"_blank\" rel=\"noopener noreferrer\">Marta Prieto<\/a>, cient\u00edfica de datos de <a href=\"https:\/\/www.mckinsey.com\/es\/en\" target=\"_blank\" rel=\"noopener noreferrer\">McKinsey &amp; Company<\/a>, y <a href=\"https:\/\/www.linkedin.com\/in\/helenacebrian\/?originalSubdomain=es\" target=\"_blank\" rel=\"noopener noreferrer\">Helena Cebri\u00e1n<\/a>, cofundadora de <a href=\"http:\/\/wethehumansthinktank.com\/\" target=\"_blank\" rel=\"noopener noreferrer\">We The Humans<\/a> y directora de marketing y comunicaci\u00f3n en <a href=\"https:\/\/www.quintgroup.com\/en\/home-2\/about-quint-wellington-redwood\/\" target=\"_blank\" rel=\"noopener noreferrer\">Quint<\/a>.<\/p>\n<p><strong><a href=\"https:\/\/www.meetup.com\/Madrid-Women-in-Machine-Learning-and-Data-Science\/events\/267810758\/?comment_table_id=265451714&amp;comment_table_name=reply\">M\u00e1s detalles sobre el programa aqu\u00ed<\/a><\/strong>.<\/p>\n<p>&nbsp;<\/p>\n<p>Foto de <a href=\"https:\/\/unsplash.com\/@wocintechchat?utm_source=unsplash&amp;utm_medium=referral&amp;utm_content=creditCopyText\">Christina @ wocintechchat.com<\/a> en <a href=\"https:\/\/unsplash.com\/s\/photos\/women-in-tecnology?utm_source=unsplash&amp;utm_medium=referral&amp;utm_content=creditCopyText\">Unsplash<\/a><\/p>\n","protected":false},"excerpt":{"rendered":"<p>El 30 de enero tuvo lugar en Madrid un evento organizado por Women in Machine Learning &amp; Data Science (WiMLDS) y MacKinsey &amp; Company, orientado a promover un debate alrededor del impacto social de la inteligencia artificial y la ciencia de datos, y reflexionar sobre c\u00f3mo atraer y retener el talento femenino en el \u00e1mbito &hellip; <a href=\"https:\/\/gender-ict.net\/gestemi\/2020\/02\/debate-sobre-la-inclusion-de-las-mujeres-en-el-sector-tecnologico-con-mckinsey-company\/\" class=\"more-link\">Contin\u00faa leyendo <span class=\"screen-reader-text\">Debate sobre la inclusi\u00f3n de las mujeres en el sector tecnol\u00f3gico en McKinsey &#038; Company<\/span><\/a><\/p>\n","protected":false},"author":2,"featured_media":2795,"comment_status":"closed","ping_status":"closed","sticky":false,"template":"","format":"standard","meta":{"_monsterinsights_skip_tracking":false,"_monsterinsights_sitenote_active":false,"_monsterinsights_sitenote_note":"","_monsterinsights_sitenote_category":0,"footnotes":""},"categories":[40],"tags":[68,67,55],"class_list":["post-2794","post","type-post","status-publish","format-standard","has-post-thumbnail","hentry","category-eventos","tag-ciencia-de-datos","tag-inteligencia-artificial","tag-mujeres-tic"],"_links":{"self":[{"href":"https:\/\/gender-ict.net\/gestemi\/wp-json\/wp\/v2\/posts\/2794","targetHints":{"allow":["GET"]}}],"collection":[{"href":"https:\/\/gender-ict.net\/gestemi\/wp-json\/wp\/v2\/posts"}],"about":[{"href":"https:\/\/gender-ict.net\/gestemi\/wp-json\/wp\/v2\/types\/post"}],"author":[{"embeddable":true,"href":"https:\/\/gender-ict.net\/gestemi\/wp-json\/wp\/v2\/users\/2"}],"replies":[{"embeddable":true,"href":"https:\/\/gender-ict.net\/gestemi\/wp-json\/wp\/v2\/comments?post=2794"}],"version-history":[{"count":3,"href":"https:\/\/gender-ict.net\/gestemi\/wp-json\/wp\/v2\/posts\/2794\/revisions"}],"predecessor-version":[{"id":2827,"href":"https:\/\/gender-ict.net\/gestemi\/wp-json\/wp\/v2\/posts\/2794\/revisions\/2827"}],"wp:featuredmedia":[{"embeddable":true,"href":"https:\/\/gender-ict.net\/gestemi\/wp-json\/wp\/v2\/media\/2795"}],"wp:attachment":[{"href":"https:\/\/gender-ict.net\/gestemi\/wp-json\/wp\/v2\/media?parent=2794"}],"wp:term":[{"taxonomy":"category","embeddable":true,"href":"https:\/\/gender-ict.net\/gestemi\/wp-json\/wp\/v2\/categories?post=2794"},{"taxonomy":"post_tag","embeddable":true,"href":"https:\/\/gender-ict.net\/gestemi\/wp-json\/wp\/v2\/tags?post=2794"}],"curies":[{"name":"wp","href":"https:\/\/api.w.org\/{rel}","templated":true}]}}