{"id":483,"date":"2020-09-28T16:20:50","date_gmt":"2020-09-28T16:20:50","guid":{"rendered":"https:\/\/gender-ict.net\/estereo\/?p=483"},"modified":"2021-10-04T15:36:11","modified_gmt":"2021-10-04T15:36:11","slug":"brechas-de-genero-en-la-evaluacion-de-competencias-la-perspectiva-de-las-familias-y-el-profesorado","status":"publish","type":"post","link":"https:\/\/gender-ict.net\/estereo\/2020\/09\/brechas-de-genero-en-la-evaluacion-de-competencias-la-perspectiva-de-las-familias-y-el-profesorado\/","title":{"rendered":"Brechas de g\u00e9nero en la evaluaci\u00f3n de competencias: la perspectiva de las familias y el profesorado"},"content":{"rendered":"\n<p>La cuesti\u00f3n de las brechas de g\u00e9nero en la autoevaluaci\u00f3n de competencias vinculadas a las materias STEM (ciencia, tecnolog\u00eda, ingenier\u00eda y matem\u00e1ticas, por sus siglas en ingl\u00e9s) ha sido ampliamente abordada por la investigaci\u00f3n acad\u00e9mica. Sin embargo, hay un menor conocimiento sobre la forma en que las familias y el profesorado de secundaria interpretan esas desigualdades de g\u00e9nero.<\/p>\n\n\n\n<p>Esta es la pregunta que plantean <a rel=\"noreferrer noopener\" href=\"https:\/\/gender-ict.net\/people\/milagros-sainz\/\" target=\"_blank\">Milagros S\u00e1inz<\/a>, <a rel=\"noreferrer noopener\" href=\"https:\/\/gender-ict.net\/people\/sergi-fabregues\/\" target=\"_blank\">Sergi F\u00e0bregues<\/a> y <a rel=\"noreferrer noopener\" href=\"http:\/\/transfer.rdi.uoc.edu\/ca\/investigador\/sol-blanch-jordi\" target=\"_blank\">Jordi Sol\u00e9<\/a> en el estudio \u201c<a rel=\"noreferrer noopener\" href=\"https:\/\/www.frontiersin.org\/articles\/10.3389\/fpsyg.2020.573752\/full\" target=\"_blank\">Parent and Teacher Depictions of Gender Gaps in Secondary Student Appraisals of Their Academic Competences<\/a>\u201d, recientemente publicado en la revista <em><a rel=\"noreferrer noopener\" href=\"https:\/\/www.frontiersin.org\/journals\/psychology\" target=\"_blank\">Frontiers in Psychology<\/a><\/em>. La investigaci\u00f3n, llevada a cabo durante el proyecto ESTEREO, consisti\u00f3 en un estudio cualitativo basado en ocho grupos de discusi\u00f3n con 39 progenitores y 34 profesores y profesoras de secundaria.&nbsp;<\/p>\n\n\n\n<div class=\"wp-block-image\"><figure class=\"aligncenter size-large is-resized\"><img loading=\"lazy\" decoding=\"async\" src=\"https:\/\/gender-ict.net\/estereo\/wp-content\/uploads\/2020\/11\/brechas-genero-evaluacion-competencias.jpg\" alt=\"\" class=\"wp-image-484\" width=\"294\" height=\"291\" srcset=\"https:\/\/gender-ict.net\/estereo\/wp-content\/uploads\/sites\/41\/2020\/11\/brechas-genero-evaluacion-competencias.jpg 499w, https:\/\/gender-ict.net\/estereo\/wp-content\/uploads\/sites\/41\/2020\/11\/brechas-genero-evaluacion-competencias-300x296.jpg 300w, https:\/\/gender-ict.net\/estereo\/wp-content\/uploads\/sites\/41\/2020\/11\/brechas-genero-evaluacion-competencias-90x90.jpg 90w, https:\/\/gender-ict.net\/estereo\/wp-content\/uploads\/sites\/41\/2020\/11\/brechas-genero-evaluacion-competencias-385x380.jpg 385w\" sizes=\"auto, (max-width: 294px) 100vw, 294px\" \/><\/figure><\/div>\n\n\n\n<p>Durante las sesiones, las personas participantes conocieron los datos que muestran las brechas de g\u00e9nero existentes en la autopercepci\u00f3n de las y los adolescentes sobre sus competencias acad\u00e9micas, y la tendencia de las chicas a infravalorar sus capacidades en las asignaturas STEM en comparaci\u00f3n con los chicos. Por otro lado, los grupos tambi\u00e9n discutieron sobre el papel del entorno educativo y otros agentes de socializaci\u00f3n a la hora de reforzar o confrontar los estereotipos de g\u00e9nero en la evaluaci\u00f3n de competencias.<\/p>\n\n\n\n<p>La publicaci\u00f3n analiza las diferencias y similitudes entre las opiniones del profesorado y de las familias, y explora las discrepancias entre la perspectiva de personas del \u00e1mbito STEM y no STEM.<\/p>\n\n\n\n<p><a rel=\"noreferrer noopener\" href=\"https:\/\/www.frontiersin.org\/articles\/10.3389\/fpsyg.2020.573752\/full\" target=\"_blank\"><strong>El art\u00edculo est\u00e1 disponible en acceso abierto en la p\u00e1gina de la revista <em>Frontiers in<\/em> <em>Psychology<\/em>.<\/strong><\/a><\/p>\n\n\n\n<p><\/p>\n","protected":false},"excerpt":{"rendered":"<p>La cuesti\u00f3n de las brechas de g\u00e9nero en la autoevaluaci\u00f3n de competencias vinculadas a las materias STEM (ciencia, tecnolog\u00eda, ingenier\u00eda y matem\u00e1ticas, por sus siglas en ingl\u00e9s) ha sido ampliamente abordada por la investigaci\u00f3n acad\u00e9mica. Sin embargo, hay un menor conocimiento sobre la forma en que las familias y el profesorado de secundaria interpretan esas &hellip; <a href=\"https:\/\/gender-ict.net\/estereo\/2020\/09\/brechas-de-genero-en-la-evaluacion-de-competencias-la-perspectiva-de-las-familias-y-el-profesorado\/\" class=\"more-link\">Seguir leyendo <span class=\"screen-reader-text\">Brechas de g\u00e9nero en la evaluaci\u00f3n de competencias: la perspectiva de las familias y el profesorado<\/span><\/a><\/p>\n","protected":false},"author":3,"featured_media":330,"comment_status":"closed","ping_status":"closed","sticky":false,"template":"","format":"standard","meta":{"_monsterinsights_skip_tracking":false,"_monsterinsights_sitenote_active":false,"_monsterinsights_sitenote_note":"","_monsterinsights_sitenote_category":0,"footnotes":""},"categories":[28],"tags":[27,26,5,6],"class_list":["post-483","post","type-post","status-publish","format-standard","has-post-thumbnail","hentry","category-publicaciones","tag-autoevaluacion-de-competencias","tag-brechas-de-genero","tag-genero-y-educacion","tag-genero-y-stem","with-featured-image"],"_links":{"self":[{"href":"https:\/\/gender-ict.net\/estereo\/wp-json\/wp\/v2\/posts\/483","targetHints":{"allow":["GET"]}}],"collection":[{"href":"https:\/\/gender-ict.net\/estereo\/wp-json\/wp\/v2\/posts"}],"about":[{"href":"https:\/\/gender-ict.net\/estereo\/wp-json\/wp\/v2\/types\/post"}],"author":[{"embeddable":true,"href":"https:\/\/gender-ict.net\/estereo\/wp-json\/wp\/v2\/users\/3"}],"replies":[{"embeddable":true,"href":"https:\/\/gender-ict.net\/estereo\/wp-json\/wp\/v2\/comments?post=483"}],"version-history":[{"count":3,"href":"https:\/\/gender-ict.net\/estereo\/wp-json\/wp\/v2\/posts\/483\/revisions"}],"predecessor-version":[{"id":488,"href":"https:\/\/gender-ict.net\/estereo\/wp-json\/wp\/v2\/posts\/483\/revisions\/488"}],"wp:featuredmedia":[{"embeddable":true,"href":"https:\/\/gender-ict.net\/estereo\/wp-json\/wp\/v2\/media\/330"}],"wp:attachment":[{"href":"https:\/\/gender-ict.net\/estereo\/wp-json\/wp\/v2\/media?parent=483"}],"wp:term":[{"taxonomy":"category","embeddable":true,"href":"https:\/\/gender-ict.net\/estereo\/wp-json\/wp\/v2\/categories?post=483"},{"taxonomy":"post_tag","embeddable":true,"href":"https:\/\/gender-ict.net\/estereo\/wp-json\/wp\/v2\/tags?post=483"}],"curies":[{"name":"wp","href":"https:\/\/api.w.org\/{rel}","templated":true}]}}